{"id":961,"__str__":"Parecer Comiss\u00e3o Constitui\u00e7\u00e3o, Justi\u00e7a e Reda\u00e7\u00e3o n\u00ba 60 de 2025 | PARA APRECIA\u00c7\u00c3O NA ORDEM DO DIA | 05/09/2025","link_detail_backend":"/materia/tramitacao/961","metadata":{},"timestamp":"2025-09-08T08:43:14.235565-03:00","data_tramitacao":"2025-09-05","data_encaminhamento":"2025-09-05","urgente":false,"turno":"","texto":"","data_fim_prazo":null,"ip":"45.176.231.201","ultima_edicao":"2025-09-08T08:42:39.059098-03:00","status":42,"materia":7049,"unidade_tramitacao_local":11,"unidade_tramitacao_destino":2,"user":41}