{"id":523,"__str__":"Parecer Comiss\u00e3o Constitui\u00e7\u00e3o, Justi\u00e7a e Reda\u00e7\u00e3o n\u00ba 32 de 2025 | Aguardando a inclus\u00e3o na ordem do dia | 11/07/2025","link_detail_backend":"/materia/tramitacao/523","metadata":{},"timestamp":"2025-07-11T14:26:19.513879-03:00","data_tramitacao":"2025-07-11","data_encaminhamento":"2025-07-11","urgente":false,"turno":"","texto":"","data_fim_prazo":null,"ip":"45.176.231.205","ultima_edicao":"2025-07-11T14:25:55.409010-03:00","status":4,"materia":6884,"unidade_tramitacao_local":9,"unidade_tramitacao_destino":11,"user":41}