{"id":447,"__str__":"Parecer Comiss\u00e3o Constitui\u00e7\u00e3o, Justi\u00e7a e Reda\u00e7\u00e3o n\u00ba 21 de 2025 | PARA APRECIA\u00c7\u00c3O NA ORDEM DO DIA | 04/07/2025","link_detail_backend":"/materia/tramitacao/447","metadata":{},"timestamp":"2025-07-10T11:59:06.222321-03:00","data_tramitacao":"2025-07-04","data_encaminhamento":"2025-07-04","urgente":false,"turno":"","texto":"","data_fim_prazo":null,"ip":"45.176.231.205","ultima_edicao":"2025-07-10T11:58:40.566607-03:00","status":42,"materia":6824,"unidade_tramitacao_local":11,"unidade_tramitacao_destino":2,"user":41}