{"id":356,"__str__":"Parecer Comiss\u00e3o Constitui\u00e7\u00e3o, Justi\u00e7a e Reda\u00e7\u00e3o n\u00ba 17 de 2025 | PARA APRECIA\u00c7\u00c3O NA ORDEM DO DIA | 13/06/2025","link_detail_backend":"/materia/tramitacao/356","metadata":{},"timestamp":"2025-06-13T11:36:03.368607-03:00","data_tramitacao":"2025-06-13","data_encaminhamento":"2025-06-13","urgente":false,"turno":"","texto":"","data_fim_prazo":null,"ip":"45.176.231.206","ultima_edicao":"2025-06-13T11:35:34.257678-03:00","status":42,"materia":6727,"unidade_tramitacao_local":9,"unidade_tramitacao_destino":2,"user":41}