{"id":7512,"__str__":"Parecer Jur\u00eddico n\u00ba 9 de 2026","link_detail_backend":"/materia/7512","metadata":{},"numero":9,"ano":2026,"numero_protocolo":null,"data_apresentacao":"2026-03-27","tipo_apresentacao":"","data_publicacao":null,"numero_origem_externa":"","ano_origem_externa":null,"data_origem_externa":null,"apelido":"","dias_prazo":null,"data_fim_prazo":null,"em_tramitacao":true,"polemica":false,"objeto":"","complementar":false,"ementa":"Parecer Jur\u00eddico no Projeto de Lei n\u00ba 10/2026 que disp\u00f5e sobre o Aux\u00edlio Alimenta\u00e7\u00e3o para os Servidores P\u00fablicos lotados na C\u00e2mara Municipal de Porto Feliz, conforme especifica e d\u00e1 outras provid\u00eancias.","indexacao":"","observacao":"","resultado":"","texto_original":"http://sapl.portofeliz.sp.leg.br/media/sapl/public/materialegislativa/2026/7512/parecer_juridico_no_09_-_servidor_publico_-_camara_-_auxilio-alimentacao.pdf","data_ultima_atualizacao":"2026-03-30T14:53:32.337598-03:00","ip":"45.176.231.195","ultima_edicao":"2026-03-27T13:45:34.290407-03:00","tipo":17,"regime_tramitacao":1,"tipo_origem_externa":null,"local_origem_externa":null,"user":42,"anexadas":[],"autores":[27]}