{"id":7084,"__str__":"Parecer Jur\u00eddico n\u00ba 71 de 2025","link_detail_backend":"/materia/7084","metadata":{},"numero":71,"ano":2025,"numero_protocolo":null,"data_apresentacao":"2025-09-17","tipo_apresentacao":"E","data_publicacao":null,"numero_origem_externa":"","ano_origem_externa":null,"data_origem_externa":null,"apelido":"","dias_prazo":null,"data_fim_prazo":null,"em_tramitacao":true,"polemica":false,"objeto":"","complementar":false,"ementa":"Projeto de Lei n\u00ba 39/2025 que \u201cINSTITUI E INCLUI NO CALEND\u00c1RIO OFICIAL DO MUNIC\u00cdPIO DE PORTO FELIZ A \u201cSEMANA MUNICIPAL DE INCENTIVO \u00c0 DOA\u00c7\u00c3O DE \u00d3RG\u00c3OS E TECIDOS \u2013 SETEMBRO VERDE\u201d, E D\u00c1 OUTRAS PROVID\u00caNCIAS\u201d.","indexacao":"","observacao":"","resultado":"","texto_original":"http://sapl.portofeliz.sp.leg.br/media/sapl/public/materialegislativa/2025/7084/parecer_juridico_71-2025_-_pl_39-2025.pdf","data_ultima_atualizacao":"2025-09-17T09:29:22.919798-03:00","ip":"45.176.231.192","ultima_edicao":"2025-09-17T09:27:29.582014-03:00","tipo":17,"regime_tramitacao":1,"tipo_origem_externa":null,"local_origem_externa":null,"user":22,"anexadas":[],"autores":[27]}