{"id":7008,"__str__":"Indica\u00e7\u00e3o n\u00ba 186 de 2025","link_detail_backend":"/materia/7008","metadata":{"signs":{"texto_original":{"admin":[],"autores":[["Paulo Adriano Benedetti",["2025-08-14T14:54:57-03:00","Gov-Br"]]]}}},"numero":186,"ano":2025,"numero_protocolo":531,"data_apresentacao":"2025-08-14","tipo_apresentacao":"","data_publicacao":null,"numero_origem_externa":"","ano_origem_externa":null,"data_origem_externa":null,"apelido":"","dias_prazo":null,"data_fim_prazo":null,"em_tramitacao":true,"polemica":false,"objeto":"","complementar":false,"ementa":"Indico, medidas de redu\u00e7\u00e3o de velocidade e melhorias de seguran\u00e7a vi\u00e1ria.","indexacao":"","observacao":"","resultado":"","texto_original":"http://sapl.portofeliz.sp.leg.br/media/sapl/public/materialegislativa/2025/7008/indicacao_062-2025_-_medidas_de_reducao_de_velocidade_e_melhorias_de_seguranca_viaria_na_rua_frederico_brand_assinado.pdf","data_ultima_atualizacao":"2025-08-18T15:24:55.284658-03:00","ip":"45.176.231.201","ultima_edicao":"2025-08-18T15:24:55.112381-03:00","tipo":1,"regime_tramitacao":1,"tipo_origem_externa":null,"local_origem_externa":null,"user":41,"anexadas":[],"autores":[1]}