{"id":6996,"__str__":"Requerimento n\u00ba 77 de 2025","link_detail_backend":"/materia/6996","metadata":{},"numero":77,"ano":2025,"numero_protocolo":520,"data_apresentacao":"2025-08-11","tipo_apresentacao":"","data_publicacao":null,"numero_origem_externa":"","ano_origem_externa":null,"data_origem_externa":null,"apelido":"","dias_prazo":null,"data_fim_prazo":null,"em_tramitacao":true,"polemica":false,"objeto":"","complementar":false,"ementa":"Requeiro minuto de sil\u00eancio na presente Sess\u00e3o, pelo falecimento do Sr. Jorge Jos\u00e9 Tom\u00e9.","indexacao":"","observacao":"","resultado":"","texto_original":"http://sapl.portofeliz.sp.leg.br/media/sapl/public/materialegislativa/2025/6996/minuto_de_silencio_jorge.pdf","data_ultima_atualizacao":"2025-08-18T15:20:16.645189-03:00","ip":"45.176.231.201","ultima_edicao":"2025-08-18T15:20:16.521578-03:00","tipo":7,"regime_tramitacao":1,"tipo_origem_externa":null,"local_origem_externa":null,"user":41,"anexadas":[],"autores":[41]}