{"id":6899,"__str__":"Indica\u00e7\u00e3o n\u00ba 158 de 2025","link_detail_backend":"/materia/6899","metadata":{"signs":{"texto_original":{"admin":[],"autores":[["Paulo Adriano Benedetti",["2025-07-10T11:44:53-03:00","Gov-Br"]]]}}},"numero":158,"ano":2025,"numero_protocolo":432,"data_apresentacao":"2025-07-10","tipo_apresentacao":"","data_publicacao":null,"numero_origem_externa":"","ano_origem_externa":null,"data_origem_externa":null,"apelido":"","dias_prazo":null,"data_fim_prazo":null,"em_tramitacao":true,"polemica":false,"objeto":"","complementar":false,"ementa":"Amplia\u00e7\u00e3o do n\u00famero de dentistas dispon\u00edveis nas Unidades B\u00e1sicas de Sa\u00fade.","indexacao":"","observacao":"","resultado":"","texto_original":"http://sapl.portofeliz.sp.leg.br/media/sapl/public/materialegislativa/2025/6899/indicacao_049-2025_-_ampliacao_do_numero_de_dentistas_disponiveis_nas_unidades_basicas_de_saude_assinado.pdf","data_ultima_atualizacao":"2025-07-14T11:41:21.201934-03:00","ip":"45.176.231.205","ultima_edicao":"2025-07-14T11:41:20.849628-03:00","tipo":1,"regime_tramitacao":1,"tipo_origem_externa":null,"local_origem_externa":null,"user":41,"anexadas":[],"autores":[1]}