{"id":6779,"__str__":"Indica\u00e7\u00e3o n\u00ba 143 de 2025","link_detail_backend":"/materia/6779","metadata":{"signs":{"texto_original":{"admin":[],"autores":[["Paulo Adriano Benedetti",["2025-06-13T12:18:30-03:00","Gov-Br"]]]}}},"numero":143,"ano":2025,"numero_protocolo":347,"data_apresentacao":"2025-06-13","tipo_apresentacao":"","data_publicacao":null,"numero_origem_externa":"","ano_origem_externa":null,"data_origem_externa":null,"apelido":"","dias_prazo":null,"data_fim_prazo":null,"em_tramitacao":true,"polemica":false,"objeto":"","complementar":false,"ementa":"Mudan\u00e7a na rota das linhas de \u00f4nibus no Bairro Ol\u00edvio Barbosa e o Residencial S\u00e3o Carlos.","indexacao":"","observacao":"","resultado":"","texto_original":"http://sapl.portofeliz.sp.leg.br/media/sapl/public/materialegislativa/2025/6779/indicacao_045-2025_-_mudanca_na_rota_das_linhas_de_onibus_no_bairro_olivio_barbosa_e_o_residencial_sao_carlos._assinado.pdf","data_ultima_atualizacao":"2025-06-13T13:02:50.730462-03:00","ip":"","ultima_edicao":null,"tipo":1,"regime_tramitacao":1,"tipo_origem_externa":null,"local_origem_externa":null,"user":null,"anexadas":[],"autores":[1]}