{"id":674,"__str__":"Requerimento n\u00ba 154 de 2023","link_detail_backend":"/materia/674","metadata":{},"numero":154,"ano":2023,"numero_protocolo":276,"data_apresentacao":"2023-09-04","tipo_apresentacao":"","data_publicacao":null,"numero_origem_externa":"","ano_origem_externa":null,"data_origem_externa":null,"apelido":"","dias_prazo":null,"data_fim_prazo":null,"em_tramitacao":true,"polemica":false,"objeto":"","complementar":false,"ementa":"Requerimento sobre a implanta\u00e7\u00e3o de uma faixa adicional e ilumina\u00e7\u00e3o na subida do Jardim Vante pr\u00f3ximo a ponte do Jequitiba.","indexacao":"","observacao":"","resultado":"","texto_original":"http://sapl.portofeliz.sp.leg.br/media/sapl/public/materialegislativa/2023/674/requerimento_n_13_faixa_adicional_e_iluminacao_nas_entradas_do_jardim_vante_capoava_e_altos_do_jequitiba.pdf","data_ultima_atualizacao":"2023-09-04T16:02:29.468233-03:00","ip":"45.176.231.200","ultima_edicao":"2023-09-04T16:02:29.295613-03:00","tipo":7,"regime_tramitacao":1,"tipo_origem_externa":null,"local_origem_externa":null,"user":12,"anexadas":[781],"autores":[3]}