{"id":6725,"__str__":"Parecer Jur\u00eddico n\u00ba 26 de 2025","link_detail_backend":"/materia/6725","metadata":{},"numero":26,"ano":2025,"numero_protocolo":null,"data_apresentacao":"2025-05-19","tipo_apresentacao":"","data_publicacao":null,"numero_origem_externa":"","ano_origem_externa":null,"data_origem_externa":null,"apelido":"","dias_prazo":null,"data_fim_prazo":null,"em_tramitacao":false,"polemica":false,"objeto":"","complementar":false,"ementa":"Parecer Jur\u00eddico no Projeto de Lei n\u00ba 26/2025 que disp\u00f5e sobre denomina\u00e7\u00e3o de quadra no bairro Vila Am\u00e9rica, conforme especifica e d\u00e1 outras provid\u00eancias.","indexacao":"","observacao":"","resultado":"","texto_original":"http://sapl.portofeliz.sp.leg.br/media/sapl/public/materialegislativa/2025/6725/parecer_juridico_no_26_-_denominacao_de_predio_publico.pdf","data_ultima_atualizacao":"2025-05-19T11:18:31.428812-03:00","ip":"45.176.231.206","ultima_edicao":"2025-05-19T11:15:16.451172-03:00","tipo":17,"regime_tramitacao":1,"tipo_origem_externa":null,"local_origem_externa":null,"user":42,"anexadas":[],"autores":[]}