{"id":63,"__str__":"Parecer Comiss\u00e3o Constitui\u00e7\u00e3o, Justi\u00e7a e Reda\u00e7\u00e3o n\u00ba 2 de 2023","link_detail_backend":"/materia/63","metadata":{},"numero":2,"ano":2023,"numero_protocolo":null,"data_apresentacao":"2023-03-01","tipo_apresentacao":"E","data_publicacao":null,"numero_origem_externa":"","ano_origem_externa":null,"data_origem_externa":null,"apelido":"","dias_prazo":null,"data_fim_prazo":null,"em_tramitacao":false,"polemica":false,"objeto":"","complementar":false,"ementa":"Sobre o PL 2/2023","indexacao":"","observacao":"","resultado":"","texto_original":"http://sapl.portofeliz.sp.leg.br/media/sapl/public/materialegislativa/2023/63/02x2023_-_sobre_o__pl_2-2023.pdf","data_ultima_atualizacao":"2023-05-22T11:53:10.948793-03:00","ip":"45.176.231.217","ultima_edicao":"2023-05-22T11:53:10.832384-03:00","tipo":12,"regime_tramitacao":2,"tipo_origem_externa":null,"local_origem_externa":null,"user":2,"anexadas":[],"autores":[13]}