{"id":459,"__str__":"Requerimento n\u00ba 101 de 2023","link_detail_backend":"/materia/459","metadata":{},"numero":101,"ano":2023,"numero_protocolo":90,"data_apresentacao":"2023-06-29","tipo_apresentacao":"","data_publicacao":null,"numero_origem_externa":"","ano_origem_externa":null,"data_origem_externa":null,"apelido":"","dias_prazo":null,"data_fim_prazo":null,"em_tramitacao":true,"polemica":false,"objeto":"","complementar":false,"ementa":"Requerimento Solicitando Informa\u00e7\u00e3o sobre reforma parada do Espa\u00e7o Cultural Olair Coan.","indexacao":"","observacao":"","resultado":"","texto_original":"http://sapl.portofeliz.sp.leg.br/media/sapl/public/materialegislativa/2023/459/requerimento_sobre_a_refora_do_espaco_olair_coan.pdf","data_ultima_atualizacao":"2023-06-29T13:59:04.495871-03:00","ip":"","ultima_edicao":null,"tipo":7,"regime_tramitacao":1,"tipo_origem_externa":null,"local_origem_externa":null,"user":null,"anexadas":[527],"autores":[3]}