{"id":26,"__str__":"Mo\u00e7\u00e3o n\u00ba 6 de 2023","link_detail_backend":"/materia/26","metadata":{},"numero":6,"ano":2023,"numero_protocolo":null,"data_apresentacao":"2023-03-09","tipo_apresentacao":"E","data_publicacao":null,"numero_origem_externa":"","ano_origem_externa":null,"data_origem_externa":null,"apelido":"","dias_prazo":null,"data_fim_prazo":null,"em_tramitacao":true,"polemica":false,"objeto":"","complementar":false,"ementa":"Mo\u00e7\u00e3o de Aplausos em Comemora\u00e7\u00e3o aos 125 anos da Corpora\u00e7\u00e3o Musical Uni\u00e3o Porto-Felicense","indexacao":"","observacao":"","resultado":"","texto_original":"http://sapl.portofeliz.sp.leg.br/media/sapl/public/materialegislativa/2023/26/06x2023.pdf","data_ultima_atualizacao":"2023-05-17T14:16:42.803744-03:00","ip":"45.176.231.217","ultima_edicao":"2023-05-17T14:15:38.176796-03:00","tipo":6,"regime_tramitacao":1,"tipo_origem_externa":null,"local_origem_externa":null,"user":13,"anexadas":[],"autores":[5]}