{"id":1520,"__str__":"Parecer Jur\u00eddico n\u00ba 38 de 2024","link_detail_backend":"/materia/1520","metadata":{},"numero":38,"ano":2024,"numero_protocolo":null,"data_apresentacao":"2024-06-26","tipo_apresentacao":"","data_publicacao":null,"numero_origem_externa":"","ano_origem_externa":null,"data_origem_externa":null,"apelido":"","dias_prazo":null,"data_fim_prazo":null,"em_tramitacao":false,"polemica":false,"objeto":"","complementar":false,"ementa":"Parecer Jur\u00eddico no Projeto de Lei n\u00ba 20/2024 que disp\u00f5e sobre a instala\u00e7\u00e3o de vagas de estacionamento espec\u00edficas para pessoas com Transtorno do Espectro Autista - TEA em estabelecimentos privados, p\u00fablicos, m\u00e9dicos e de atendimento espec\u00edfico a esse p\u00fablico, conforme especifica e d\u00e1 outras provid\u00eancias.","indexacao":"","observacao":"","resultado":"","texto_original":"http://sapl.portofeliz.sp.leg.br/media/sapl/public/materialegislativa/2024/1520/parecer_juridico_no_38_-_vagas_de_estacionamento_-_tea.pdf","data_ultima_atualizacao":"2024-06-26T16:10:12.901955-03:00","ip":"45.176.231.196","ultima_edicao":"2024-06-26T16:07:12.276805-03:00","tipo":17,"regime_tramitacao":2,"tipo_origem_externa":null,"local_origem_externa":null,"user":42,"anexadas":[],"autores":[]}