{"id":1388,"__str__":"Parecer Comiss\u00e3o Educ., Cultura, Sa\u00fade, Def. Cid. n\u00ba 6 de 2024","link_detail_backend":"/materia/1388","metadata":{},"numero":6,"ano":2024,"numero_protocolo":293,"data_apresentacao":"2024-05-28","tipo_apresentacao":"","data_publicacao":null,"numero_origem_externa":"","ano_origem_externa":null,"data_origem_externa":null,"apelido":"","dias_prazo":null,"data_fim_prazo":null,"em_tramitacao":true,"polemica":false,"objeto":"","complementar":false,"ementa":"Parecer da Comiss\u00e3o de Educa\u00e7\u00e3o, cultura, Sa\u00fade e Defesa da Cidadania sobre o projeto de Lei que institui no calend\u00e1rio oficial de Porto-Feliz, o Maio Amarelo.","indexacao":"","observacao":"","resultado":"","texto_original":"http://sapl.portofeliz.sp.leg.br/media/sapl/public/materialegislativa/2024/1388/parecer_maio_amarelo.pdf","data_ultima_atualizacao":"2024-06-20T10:41:42.861907-03:00","ip":"","ultima_edicao":null,"tipo":13,"regime_tramitacao":1,"tipo_origem_externa":null,"local_origem_externa":null,"user":null,"anexadas":[],"autores":[3]}