{"id":467,"__str__":"Anexo - Convoca\u00e7\u00e3o Comiss\u00e3o Educa\u00e7\u00e3o de 18/11/2025 por ","link_detail_backend":"/materia/documentoacessorio/467","metadata":{"signs":{"arquivo":{"admin":[],"autores":[["Elide Martorano Infante",["2025-11-18T13:42:57-03:00","Gov-Br"]]]}}},"nome":"Convoca\u00e7\u00e3o Comiss\u00e3o Educa\u00e7\u00e3o","data":"2025-11-18","autor":"","ementa":"","indexacao":"","arquivo":"http://sapl.portofeliz.sp.leg.br/media/sapl/public/documentoacessorio/2025/467/convocacao_comissao_educacao_emenda_01_ao_sub_01_pl_41x2025_assinado.pdf","data_ultima_atualizacao":"2025-11-18T13:53:44.835217-03:00","materia":7238,"tipo":6}