{"id":466,"__str__":"Anexo - Convoca\u00e7\u00e3o Comiss\u00e3o Constitui\u00e7\u00e3o, Justi\u00e7a de 18/11/2025 por ","link_detail_backend":"/materia/documentoacessorio/466","metadata":{"signs":{"arquivo":{"admin":[],"autores":[["Elide Martorano Infante",["2025-11-18T13:42:57-03:00","Gov-Br"]]]}}},"nome":"Convoca\u00e7\u00e3o Comiss\u00e3o Constitui\u00e7\u00e3o, Justi\u00e7a","data":"2025-11-18","autor":"","ementa":"","indexacao":"","arquivo":"http://sapl.portofeliz.sp.leg.br/media/sapl/public/documentoacessorio/2025/466/convocacao_comssao_justica_emenda_01_ao_sub_01_ao_pl_41x2025_assinado.pdf","data_ultima_atualizacao":"2025-11-18T13:53:04.680677-03:00","materia":7238,"tipo":6}