{"id":454,"__str__":"Anexo - Convoca\u00e7\u00e3o Comiss\u00e3o Constitui\u00e7\u00e3o, Justi\u00e7a de 02/10/2025 por ","link_detail_backend":"/materia/documentoacessorio/454","metadata":{"signs":{"arquivo":{"admin":[],"autores":[["Elide Martorano Infante",["2025-10-02T14:55:43-03:00","Gov-Br"]]]}}},"nome":"Convoca\u00e7\u00e3o Comiss\u00e3o Constitui\u00e7\u00e3o, Justi\u00e7a","data":"2025-10-02","autor":"","ementa":"","indexacao":"","arquivo":"http://sapl.portofeliz.sp.leg.br/media/sapl/public/documentoacessorio/2025/454/convocacao_comssao_justica_pl_43x2025_assinado.pdf","data_ultima_atualizacao":"2025-10-02T15:48:16.583171-03:00","materia":7114,"tipo":6}