{"id":6092,"__str__":"Autoria: L\u00facia de F\u00e1tima Caballero - Mo\u00e7\u00e3o n\u00ba 83 de 2025","link_detail_backend":"/materia/autoria/6092","metadata":{},"primeiro_autor":true,"autor":4,"materia":7311}