{"id":5562,"__str__":"Autoria: L\u00facia de F\u00e1tima Caballero - Indica\u00e7\u00e3o n\u00ba 146 de 2025","link_detail_backend":"/materia/autoria/5562","metadata":{},"primeiro_autor":true,"autor":4,"materia":6789}